{"id":11286,"date":"2025-02-11T14:01:08","date_gmt":"2025-02-11T14:01:08","guid":{"rendered":"https:\/\/siopi.ai\/?p=11286"},"modified":"2025-02-25T15:51:42","modified_gmt":"2025-02-25T15:51:42","slug":"acouphenes-analyse-du-parcours-de-soins-de-228-patients","status":"publish","type":"post","link":"https:\/\/siopi.ai\/fr\/acouphenes-analyse-du-parcours-de-soins-de-228-patients","title":{"rendered":"Acouph\u00e8nes : analyse du parcours de soins de 228 patients"},"content":{"rendered":"<p><em>\u00c9tude men\u00e9e et r\u00e9alis\u00e9e par : <strong>Ana\u00efs Perrin<\/strong>, audioproth\u00e9siste<\/em><\/p>\n\n\n\n<p>Dans le cadre de mon m\u00e9moire de fin d\u2019\u00e9tudes du D.E. d\u2019Audioproth\u00e9siste, je vous ai sollicit\u00e9 pour <strong>conna\u00eetre votre exp\u00e9rience de parcours de soin<\/strong> et de satisfaction concernant la prise en charge de vos acouph\u00e8nes.<\/p>\n\n\n\n<p><strong><mark style=\"background-color:rgba(0, 0, 0, 0);color:#258ee6\" class=\"has-inline-color\">Les objectifs de ce m\u00e9moire \u00e9taient&nbsp;:<\/mark><\/strong><\/p>\n\n\n\n<ol class=\"wp-block-list\">\n<li><strong>R\u00e9unir les connaissances actuelles <\/strong>concernant tous les types d\u2019acouph\u00e8nes (d\u2019o\u00f9 viennent-ils, comment les diagnostiquer, comment les soigner),<\/li>\n\n\n\n<li><strong>Comprendre les failles du parcours de soins actuel <\/strong>et recueillir votre exp\u00e9rience et ressenti concernant votre prise en charge,<\/li>\n\n\n\n<li><strong>Elaborer une brochure informative<\/strong> \u00e0 partir des \u00e9l\u00e9ments r\u00e9unis, qui servira de guide aux personnes acouph\u00e9niques pour comprendre leurs acouph\u00e8nes et savoir comment r\u00e9agir face \u00e0 chaque cas, connaitre le parcours diagnostic id\u00e9al et pr\u00e9senter les options th\u00e9rapeutiques lorsque la cause des acouph\u00e8nes ne peut pas \u00eatre trait\u00e9e.<\/li>\n<\/ol>\n\n\n\n<p>Ce m\u00e9moire a \u00e9t\u00e9 soutenu le jeudi 12 d\u00e9cembre.<\/p>\n\n\n\n<p><strong>Vous avez \u00e9t\u00e9 244 \u00e0 me r\u00e9pondre.<\/strong> Pour concentrer mes recherches sur les acouph\u00e8nes chroniques, j\u2019ai dirig\u00e9 mon \u00e9tude sur les acouph\u00e8nes dits \u00ab&nbsp;<em>chroniques<\/em>&nbsp;\u00bb, c\u2019est-\u00e0-dire ceux pr\u00e9sents depuis plus de 6 mois. Cela correspond \u00e0 228 r\u00e9pondants. D\u2019autres recherches seraient n\u00e9cessaires pour explorer les acouph\u00e8nes aigus.<\/p>\n\n\n\n<p>Merci&nbsp;!<\/p>\n\n\n\n<p><mark style=\"background-color:rgba(0, 0, 0, 0);color:#258ee6\" class=\"has-inline-color\"><strong>De 15 \u00e0 40 questions d\u00e9coup\u00e9es en 7 items vous interrogeaient&nbsp;pour :<\/strong><\/mark><\/p>\n\n\n\n<ul class=\"wp-block-list\">\n<li><strong>D\u00e9crire vos acouph\u00e8nes<\/strong> (pour comprendre la prise en charge li\u00e9e aux diff\u00e9rents types d\u2019acouph\u00e8nes),<\/li>\n\n\n\n<li>Les informations et traitements d\u00e9livr\u00e9s par <strong>votre m\u00e9decin traitant,<\/strong><\/li>\n\n\n\n<li>Les informations et traitements d\u00e9livr\u00e9s par <strong>votre m\u00e9decin ORL,<\/strong><\/li>\n\n\n\n<li>Les informations et th\u00e9rapies d\u00e9livr\u00e9es par<strong> votre audioproth\u00e9siste,<\/strong><\/li>\n\n\n\n<li>Votre recours aux <strong>th\u00e9rapies alternatives,<\/strong><\/li>\n\n\n\n<li>Votre <strong>satisfaction.<\/strong><\/li>\n<\/ul>\n\n\n\n<p><strong>PRINCIPAUX R\u00c9SULTATS<\/strong><\/p>\n\n\n\n<figure class=\"wp-block-image size-large\"><img loading=\"lazy\" decoding=\"async\" width=\"1024\" height=\"723\" src=\"https:\/\/siopi.ai\/wp-content\/uploads\/2025\/02\/Etude-parcours-soins-acouphene-diapositive1-1024x723.png\" alt=\"\" class=\"wp-image-11288\" srcset=\"https:\/\/siopi.ai\/wp-content\/uploads\/2025\/02\/Etude-parcours-soins-acouphene-diapositive1-1024x723.png 1024w, https:\/\/siopi.ai\/wp-content\/uploads\/2025\/02\/Etude-parcours-soins-acouphene-diapositive1-300x212.png 300w, https:\/\/siopi.ai\/wp-content\/uploads\/2025\/02\/Etude-parcours-soins-acouphene-diapositive1-768x542.png 768w, https:\/\/siopi.ai\/wp-content\/uploads\/2025\/02\/Etude-parcours-soins-acouphene-diapositive1-1536x1084.png 1536w, https:\/\/siopi.ai\/wp-content\/uploads\/2025\/02\/Etude-parcours-soins-acouphene-diapositive1-2048x1445.png 2048w, https:\/\/siopi.ai\/wp-content\/uploads\/2025\/02\/Etude-parcours-soins-acouphene-diapositive1-18x12.png 18w, https:\/\/siopi.ai\/wp-content\/uploads\/2025\/02\/Etude-parcours-soins-acouphene-diapositive1-1320x932.png 1320w\" sizes=\"auto, (max-width: 1024px) 100vw, 1024px\" \/><\/figure>\n\n\n\n<ol class=\"wp-block-list\">\n<li><strong><u>Description des acouph\u00e8nes<\/u><\/strong><\/li>\n<\/ol>\n\n\n\n<p><em>Cet item visait principalement \u00e0 diff\u00e9rencier les acouph\u00e8nes aigus (de moins de 6 mois) de chroniques (durables depuis plus de 6 mois) mais \u00e9galement \u00e0 identifier les signes d\u2019alerte. En effet, certains sympt\u00f4mes n\u00e9cessitent une prise en charge particuli\u00e8re comme les acouph\u00e8nes ne touchant qu\u2019une oreille, ceux dont le bruit change avec les mouvements de la t\u00eate ou du cou, ou ceux ressemblant \u00e0 une pulsation.<\/em><\/p>\n\n\n\n<h2 class=\"wp-block-heading\"><mark style=\"background-color:rgba(0, 0, 0, 0);color:#258ee6\" class=\"has-inline-color\">Le M\u00e9decin Traitant<\/mark><\/h2>\n\n\n\n<ul class=\"wp-block-list\">\n<li><\/li>\n<\/ul>\n\n\n\n<p>Vous avez \u00e9t\u00e9 nombreux (91%) \u00e0 <strong>discuter de vos acouph\u00e8nes avec votre m\u00e9decin traitant. <\/strong><\/p>\n\n\n\n<p>Cependant, seuls 6,3% ont re\u00e7u une explication claire, tandis que 21% se sont vu r\u00e9pondre qu\u2019\u00ab il n\u2019y a rien \u00e0 faire \u00bb ou qu\u2019il faut \u00ab apprendre \u00e0 vivre avec \u00bb.<\/p>\n\n\n\n<p>Parmi ceux qui ont consult\u00e9, <strong>62,3% ont \u00e9t\u00e9 orient\u00e9s vers un ORL<\/strong>, sp\u00e9cialiste de r\u00e9f\u00e9rence des acouph\u00e8nes. Toutefois, 22,7% sont rest\u00e9s sans r\u00e9orientation ni traitement. Certains ont obtenu une prescription de traitement (19,3%) ou d\u2019examens compl\u00e9mentaires (31,8%). Il est important de rappeler que certains acouph\u00e8nes n\u00e9cessitent des examens compl\u00e9mentaires, et qu\u2019\u00e0 ce jour aucun traitement m\u00e9dicamenteux n\u2019est efficace contre les acouph\u00e8nes. Certaines pistes m\u00e9dicamenteuses sont pertinentes selon l\u2019origine des acouph\u00e8nes, \u00e0 condition qu\u2019un diagnostic pr\u00e9cis soit \u00e9tabli (acouph\u00e8nes dus \u00e0 des spasmes musculaires, des probl\u00e8mes art\u00e9riels ou veineux, \u2026) mais elles sont encore \u00e0 l\u2019\u00e9tude.<\/p>\n\n\n\n<p><strong>Dans les cas symptomatiques sp\u00e9cifiques :<\/strong><\/p>\n\n\n\n<ul class=\"wp-block-list\">\n<li>75% des acouph\u00e8nes unilat\u00e9raux ont \u00e9t\u00e9 orient\u00e9s vers un ORL ou une IRM, mais 13% n\u2019ont re\u00e7u aucune proposition.<\/li>\n\n\n\n<li>Pour les acouph\u00e8nes pulsatiles, 56,2% ont \u00e9t\u00e9 redirig\u00e9s vers un ORL ou un angiologue, tandis que 25% sont rest\u00e9s sans recommandation.<\/li>\n\n\n\n<li>Enfin, pour les acouph\u00e8nes dont le bruit varie avec certains mouvements, 74,7% ont b\u00e9n\u00e9fici\u00e9 d\u2019une r\u00e9orientation, contre 22,9% sans suivi particulier.<\/li>\n<\/ul>\n\n\n\n<ul class=\"wp-block-list\">\n<li><\/li>\n<\/ul>\n\n\n\n<h2 class=\"wp-block-heading\"><mark style=\"background-color:rgba(0, 0, 0, 0);color:#27b61b\" class=\"has-inline-color\">Le M\u00e9decin ORL<\/mark><\/h2>\n\n\n\n<p>Vous avez \u00e9t\u00e9 nombreux (95,6%) \u00e0 <strong>consulter un ORL pour aborder vos acouph\u00e8nes. <\/strong>Toutefois, pr\u00e8s des deux tiers d\u2019entre vous (64,7%) n\u2019ont pas eu d\u2019explication concernant leur origine et 20,2% d\u2019entre vous n\u2019a re\u00e7u ni conseil ni prescription.<\/p>\n\n\n\n<p><strong>Pour les autres, les recommandations incluent&nbsp;:<\/strong><\/p>\n\n\n\n<ul class=\"wp-block-list\">\n<li>Un traitement m\u00e9dicamenteux (28,9%),<\/li>\n\n\n\n<li>Un acte chirurgical (3,2%),<\/li>\n\n\n\n<li>Une IRM (40,4%),<\/li>\n\n\n\n<li>Une r\u00e9orientation vers un autre professionnel (17,9%),<\/li>\n\n\n\n<li>Un suivi alternatif (psychologue, sophrologue, \u2026) (27,5%),<\/li>\n\n\n\n<li>Des conseils hygi\u00e9no-di\u00e9t\u00e9tiques (9,6%).<\/li>\n<\/ul>\n\n\n\n<p>Parmi les professionnels recommand\u00e9s par votre ORL, on retrouve en t\u00eate de liste le sophrologue (22%), l\u2019audioproth\u00e9siste (21,6%) et le psychologue\/psychiatre (11%). Rappelons que ces trois professionnels sont essentiels dans les <strong>th\u00e9rapies symptomatiques<\/strong> (celles qui visent \u00e0 att\u00e9nuer la perception des acouph\u00e8nes lorsqu\u2019aucun traitement ne permet de les supprimer totalement).<\/p>\n\n\n\n<p>Cependant, certaines informations manquent pour \u00e9valuer pleinement la prise en charge, comme l\u2019usage du st\u00e9thoscope ou la palpation des vaisseaux cr\u00e2niens en cas d\u2019acouph\u00e8nes pulsatiles. Ces \u00e9l\u00e9ments limitent l\u2019analyse de la prise en charge ORL.<\/p>\n\n\n\n<ul class=\"wp-block-list\">\n<li><\/li>\n<\/ul>\n\n\n\n<h2 class=\"wp-block-heading\"><mark style=\"background-color:rgba(0, 0, 0, 0);color:#258ee6\" class=\"has-inline-color\">L&#8217;AUDIOPROTH\u00c9SISTE<\/mark><\/h2>\n\n\n\n<p>Pr\u00e8s de la moiti\u00e9 d\u2019entre vous <strong>(51,8%) ignore encore qu\u2019un audioproth\u00e9siste peut vous aider \u00e0 g\u00e9rer vos acouph\u00e8nes.<\/strong><\/p>\n\n\n\n<p>La moiti\u00e9 d\u2019entre vous a consult\u00e9 un audioproth\u00e9siste pour ses acouph\u00e8nes. Il a r\u00e9alis\u00e9 de nombreux tests mais certains, pertinents, n\u2019ont pas \u00e9t\u00e9 r\u00e9alis\u00e9s r\u00e9guli\u00e8rement&nbsp;:<\/p>\n\n\n\n<ul class=\"wp-block-list\">\n<li>Mesurer vos acouph\u00e8nes (52,6%),<\/li>\n\n\n\n<li>R\u00e9aliser des questionnaires (37,8%),<\/li>\n\n\n\n<li>Chercher le bruit capable de masquer vos acouph\u00e8nes (dans 43,9% des cas). &nbsp;<\/li>\n<\/ul>\n\n\n\n<p><strong>81,6% des participants ont test\u00e9 une th\u00e9rapie<\/strong>, souvent un appareillage ou un masqueur d\u2019acouph\u00e8nes. Pourtant, seulement 28,1% se sentent mieux inform\u00e9s sur leurs acouph\u00e8nes gr\u00e2ce \u00e0 leur audioproth\u00e9siste.<\/p>\n\n\n\n<ul class=\"wp-block-list\">\n<li><\/li>\n<\/ul>\n\n\n\n<h2 class=\"wp-block-heading\"><mark style=\"background-color:rgba(0, 0, 0, 0);color:#27b61b\" class=\"has-inline-color\">LE PSYCHOLOGUE \/ PSYCHIATRE<\/mark><\/h2>\n\n\n\n<p>Une seule question concernait le psychologue. <strong>57,5% d\u2019entre vous savaient que le psychologue et\/ou le psychiatre \u00e9taient des acteurs potentiellement utiles<\/strong> pour apprendre \u00e0 g\u00e9rer ses acouph\u00e8nes.<\/p>\n\n\n\n<h2 class=\"wp-block-heading\"><mark style=\"background-color:rgba(0, 0, 0, 0);color:#258ee6\" class=\"has-inline-color\">SUIVI ALTERNATIF<\/mark><\/h2>\n\n\n\n<ul class=\"wp-block-list\">\n<li><\/li>\n<\/ul>\n\n\n\n<p>Pr\u00e8s de 45,6% des r\u00e9pondants ont recours \u00e0 des alternatives, principalement la sophrologie (16,2%), la psychologie\/psychiatrie (14,9%), la kin\u00e9sith\u00e9rapie (11%) et l\u2019ost\u00e9opathie (11%). L\u2019acupuncture et l\u2019hypnose sont moins fr\u00e9quentes (7% et 5,3%).<\/p>\n\n\n\n<p>Une combinaison efficace repose souvent sur trois axes :<\/p>\n\n\n\n<ul class=\"wp-block-list\">\n<li><strong>Th\u00e9rapies sonores<\/strong>&nbsp;: soit pour masquer les acouph\u00e8nes, soit pour r\u00e9\u00e9duquer correctement le syst\u00e8me auditif afin de diminuer les acouph\u00e8nes,&nbsp;<\/li>\n\n\n\n<li><strong>Th\u00e9rapies \u00e9motionnelles et cognitives<\/strong>&nbsp;: soit pour g\u00e9rer le stress, l\u2019anxi\u00e9t\u00e9 et\/ou la d\u00e9pression, soit simplement par une th\u00e9rapie cognitivo-comportementale (TCC) pour diminuer la perception des acouph\u00e8nes,<\/li>\n\n\n\n<li><strong>Th\u00e9rapies alternatives<\/strong>&nbsp;(acupuncture, stimulations magn\u00e9tiques transcr\u00e2niennes, etc\u2026)&nbsp;: si n\u00e9cessaire, en compl\u00e9ment des autres m\u00e9thodes, selon ce qui fonctionne dans votre cas.<\/li>\n<\/ul>\n\n\n\n<p>\u00c0 noter que 18% des participants utilisent des traitements alternatifs (hom\u00e9opathie, tisanes, compl\u00e9ments alimentaires), bien qu\u2019aucun n\u2019ait d\u00e9montr\u00e9 une efficacit\u00e9 prouv\u00e9e.<\/p>\n\n\n\n<h2 class=\"wp-block-heading\"><mark style=\"background-color:rgba(0, 0, 0, 0);color:#27b61b\" class=\"has-inline-color\">SATISFACTION G\u00c9N\u00c9RALE<\/mark><\/h2>\n\n\n\n<p><\/p>\n\n\n\n<ul class=\"wp-block-list\">\n<li><\/li>\n<\/ul>\n\n\n\n<p>Cet item est r\u00e9v\u00e9lateur&nbsp;:<\/p>\n\n\n\n<ul class=\"wp-block-list\">\n<li>Beaucoup d\u2019entre vous (61,4%) n\u2019ont <strong>pas \u00e9t\u00e9 interrog\u00e9s sur l\u2019impact des acouph\u00e8nes<\/strong> sur votre vie quotidienne,<\/li>\n\n\n\n<li>56,1% d\u2019entre vous n\u2019ont toujours <strong>pas compris l\u2019origine de leurs acouph\u00e8nes<\/strong> en fin de parcours,<\/li>\n\n\n\n<li>Pr\u00e8s des trois quart (74,6%) d\u2019entre vous jugent leur <strong>prise en charge<\/strong> par les diff\u00e9rents professionnels<strong> insatisfaisante.<\/strong><\/li>\n<\/ul>\n\n\n\n<p><strong>AMELIORATIONS POSSIBLES<\/strong><\/p>\n\n\n\n<p>Ces r\u00e9sultats r\u00e9v\u00e8lent des axes d\u2019am\u00e9lioration&nbsp;:<\/p>\n\n\n\n<ul class=\"wp-block-list\">\n<li><strong>Am\u00e9liorer la communication entre les professionnels et les patients<\/strong>&nbsp;: beaucoup d\u2019entre vous ignorent l\u2019origine de leurs acouph\u00e8nes et les possibilit\u00e9s de traitement,<\/li>\n\n\n\n<li><strong>Renforcer la coordination entre les diff\u00e9rents professionnels<\/strong>&nbsp;: la cl\u00e9 d\u2019une prise en charge efficace est multidisciplinaire,<\/li>\n\n\n\n<li><strong>Standardiser la formation des acteurs<\/strong>&nbsp;: la Haute Autorit\u00e9 de Sant\u00e9 a conclu, en 2024, que la formation des professionnels concernant les acouph\u00e8nes \u00e9tait variable.<\/li>\n<\/ul>\n\n\n\n<figure class=\"wp-block-image size-large\"><img loading=\"lazy\" decoding=\"async\" width=\"1024\" height=\"723\" src=\"https:\/\/siopi.ai\/wp-content\/uploads\/2025\/02\/Etude-parcours-soins-acouphene-diapositive2-1024x723.png\" alt=\"\" class=\"wp-image-11289\" srcset=\"https:\/\/siopi.ai\/wp-content\/uploads\/2025\/02\/Etude-parcours-soins-acouphene-diapositive2-1024x723.png 1024w, https:\/\/siopi.ai\/wp-content\/uploads\/2025\/02\/Etude-parcours-soins-acouphene-diapositive2-300x212.png 300w, https:\/\/siopi.ai\/wp-content\/uploads\/2025\/02\/Etude-parcours-soins-acouphene-diapositive2-768x542.png 768w, https:\/\/siopi.ai\/wp-content\/uploads\/2025\/02\/Etude-parcours-soins-acouphene-diapositive2-1536x1084.png 1536w, https:\/\/siopi.ai\/wp-content\/uploads\/2025\/02\/Etude-parcours-soins-acouphene-diapositive2-2048x1445.png 2048w, https:\/\/siopi.ai\/wp-content\/uploads\/2025\/02\/Etude-parcours-soins-acouphene-diapositive2-18x12.png 18w, https:\/\/siopi.ai\/wp-content\/uploads\/2025\/02\/Etude-parcours-soins-acouphene-diapositive2-1320x932.png 1320w\" sizes=\"auto, (max-width: 1024px) 100vw, 1024px\" \/><\/figure>","protected":false},"excerpt":{"rendered":"<p>\u00c9tude men\u00e9e et r\u00e9alis\u00e9e par : Ana\u00efs Perrin, audioproth\u00e9siste Dans le cadre de mon m\u00e9moire de fin d\u2019\u00e9tudes du D.E. d\u2019Audioproth\u00e9siste, je vous ai sollicit\u00e9 pour conna\u00eetre votre exp\u00e9rience de parcours de soin et de satisfaction concernant la prise en charge de vos acouph\u00e8nes. Les objectifs de ce m\u00e9moire \u00e9taient&nbsp;: Ce m\u00e9moire a \u00e9t\u00e9 soutenu &hellip;<\/p>\n<p class=\"read-more\"> <a class=\"\" href=\"https:\/\/siopi.ai\/fr\/acouphenes-analyse-du-parcours-de-soins-de-228-patients\"> <span class=\"screen-reader-text\">Acouph\u00e8nes : analyse du parcours de soins de 228 patients<\/span> Lire la suite\u00a0\u00bb<\/a><\/p>","protected":false},"author":3,"featured_media":11287,"comment_status":"open","ping_status":"open","sticky":false,"template":"","format":"standard","meta":{"_mi_skip_tracking":false,"site-sidebar-layout":"default","site-content-layout":"default","ast-global-header-display":"","ast-main-header-display":"","ast-hfb-above-header-display":"","ast-hfb-below-header-display":"","ast-hfb-mobile-header-display":"","site-post-title":"","ast-breadcrumbs-content":"","ast-featured-img":"","footer-sml-layout":"","theme-transparent-header-meta":"","adv-header-id-meta":"","stick-header-meta":"","header-above-stick-meta":"","header-main-stick-meta":"","header-below-stick-meta":"","footnotes":""},"categories":[1],"tags":[],"class_list":["post-11286","post","type-post","status-publish","format-standard","has-post-thumbnail","hentry","category-uncategorized"],"yoast_head":"<!-- This site is optimized with the Yoast SEO plugin v20.1 - https:\/\/yoast.com\/wordpress\/plugins\/seo\/ -->\n<title>Acouph\u00e8nes : analyse du parcours de soins de 228 patients - Siopi<\/title>\n<meta name=\"description\" content=\"Dans le cadre de mon m\u00e9moire de fin d\u2019\u00e9tudes du D.E. d\u2019Audioproth\u00e9siste, je vous ai sollicit\u00e9 pour conna\u00eetre votre exp\u00e9rience de parcours de soin et de satisfaction concernant la prise en charge de vos acouph\u00e8nes.\" \/>\n<meta name=\"robots\" content=\"index, follow, max-snippet:-1, max-image-preview:large, max-video-preview:-1\" \/>\n<link rel=\"canonical\" href=\"https:\/\/siopi.ai\/fr\/acouphenes-analyse-du-parcours-de-soins-de-228-patients\/\" \/>\n<meta property=\"og:locale\" content=\"fr_FR\" \/>\n<meta property=\"og:type\" content=\"article\" \/>\n<meta property=\"og:title\" content=\"Acouph\u00e8nes : analyse du parcours de soins de 228 patients - Siopi\" \/>\n<meta property=\"og:description\" content=\"Dans le cadre de mon m\u00e9moire de fin d\u2019\u00e9tudes du D.E. d\u2019Audioproth\u00e9siste, je vous ai sollicit\u00e9 pour conna\u00eetre votre exp\u00e9rience de parcours de soin et de satisfaction concernant la prise en charge de vos acouph\u00e8nes.\" \/>\n<meta property=\"og:url\" content=\"https:\/\/siopi.ai\/fr\/acouphenes-analyse-du-parcours-de-soins-de-228-patients\/\" \/>\n<meta property=\"og:site_name\" content=\"Siopi\" \/>\n<meta property=\"article:published_time\" content=\"2025-02-11T14:01:08+00:00\" \/>\n<meta property=\"article:modified_time\" content=\"2025-02-25T15:51:42+00:00\" \/>\n<meta property=\"og:image\" content=\"https:\/\/siopi.ai\/wp-content\/uploads\/2025\/02\/Parcours-Soins-Acouphene-Diapositive1.png\" \/>\n\t<meta property=\"og:image:width\" content=\"720\" \/>\n\t<meta property=\"og:image:height\" content=\"509\" \/>\n\t<meta property=\"og:image:type\" content=\"image\/png\" \/>\n<meta name=\"author\" content=\"Robin Guillard\" \/>\n<meta name=\"twitter:card\" content=\"summary_large_image\" \/>\n<meta name=\"twitter:label1\" content=\"\u00c9crit par\" \/>\n\t<meta name=\"twitter:data1\" content=\"Robin Guillard\" \/>\n\t<meta name=\"twitter:label2\" content=\"Dur\u00e9e de lecture estim\u00e9e\" \/>\n\t<meta name=\"twitter:data2\" content=\"6 minutes\" \/>\n<script type=\"application\/ld+json\" class=\"yoast-schema-graph\">{\"@context\":\"https:\/\/schema.org\",\"@graph\":[{\"@type\":\"Article\",\"@id\":\"https:\/\/siopi.ai\/acouphenes-analyse-du-parcours-de-soins-de-228-patients#article\",\"isPartOf\":{\"@id\":\"https:\/\/siopi.ai\/acouphenes-analyse-du-parcours-de-soins-de-228-patients\"},\"author\":{\"name\":\"Robin Guillard\",\"@id\":\"https:\/\/siopi.ai\/#\/schema\/person\/10fe7916dbd5ab3661e9f30dfc51db74\"},\"headline\":\"Acouph\u00e8nes : analyse du parcours de soins de 228 patients\",\"datePublished\":\"2025-02-11T14:01:08+00:00\",\"dateModified\":\"2025-02-25T15:51:42+00:00\",\"mainEntityOfPage\":{\"@id\":\"https:\/\/siopi.ai\/acouphenes-analyse-du-parcours-de-soins-de-228-patients\"},\"wordCount\":1254,\"commentCount\":0,\"publisher\":{\"@id\":\"https:\/\/siopi.ai\/#organization\"},\"articleSection\":[\"Uncategorized\"],\"inLanguage\":\"fr-FR\",\"potentialAction\":[{\"@type\":\"CommentAction\",\"name\":\"Comment\",\"target\":[\"https:\/\/siopi.ai\/acouphenes-analyse-du-parcours-de-soins-de-228-patients#respond\"]}]},{\"@type\":\"WebPage\",\"@id\":\"https:\/\/siopi.ai\/acouphenes-analyse-du-parcours-de-soins-de-228-patients\",\"url\":\"https:\/\/siopi.ai\/acouphenes-analyse-du-parcours-de-soins-de-228-patients\",\"name\":\"Acouph\u00e8nes : analyse du parcours de soins de 228 patients - Siopi\",\"isPartOf\":{\"@id\":\"https:\/\/siopi.ai\/#website\"},\"datePublished\":\"2025-02-11T14:01:08+00:00\",\"dateModified\":\"2025-02-25T15:51:42+00:00\",\"description\":\"Dans le cadre de mon m\u00e9moire de fin d\u2019\u00e9tudes du D.E. d\u2019Audioproth\u00e9siste, je vous ai sollicit\u00e9 pour conna\u00eetre votre exp\u00e9rience de parcours de soin et de satisfaction concernant la prise en charge de vos acouph\u00e8nes.\",\"breadcrumb\":{\"@id\":\"https:\/\/siopi.ai\/acouphenes-analyse-du-parcours-de-soins-de-228-patients#breadcrumb\"},\"inLanguage\":\"fr-FR\",\"potentialAction\":[{\"@type\":\"ReadAction\",\"target\":[\"https:\/\/siopi.ai\/acouphenes-analyse-du-parcours-de-soins-de-228-patients\"]}]},{\"@type\":\"BreadcrumbList\",\"@id\":\"https:\/\/siopi.ai\/acouphenes-analyse-du-parcours-de-soins-de-228-patients#breadcrumb\",\"itemListElement\":[{\"@type\":\"ListItem\",\"position\":1,\"name\":\"Home\",\"item\":\"https:\/\/siopi.ai\/\"},{\"@type\":\"ListItem\",\"position\":2,\"name\":\"Acouph\u00e8nes : analyse du parcours de soins de 228 patients\"}]},{\"@type\":\"WebSite\",\"@id\":\"https:\/\/siopi.ai\/#website\",\"url\":\"https:\/\/siopi.ai\/\",\"name\":\"Siopi\",\"description\":\"Tinnitus learning community\",\"publisher\":{\"@id\":\"https:\/\/siopi.ai\/#organization\"},\"potentialAction\":[{\"@type\":\"SearchAction\",\"target\":{\"@type\":\"EntryPoint\",\"urlTemplate\":\"https:\/\/siopi.ai\/?s={search_term_string}\"},\"query-input\":\"required name=search_term_string\"}],\"inLanguage\":\"fr-FR\"},{\"@type\":\"Organization\",\"@id\":\"https:\/\/siopi.ai\/#organization\",\"name\":\"Siopi\",\"url\":\"https:\/\/siopi.ai\/\",\"logo\":{\"@type\":\"ImageObject\",\"inLanguage\":\"fr-FR\",\"@id\":\"https:\/\/siopi.ai\/#\/schema\/logo\/image\/\",\"url\":\"https:\/\/siopi.ai\/wp-content\/uploads\/2022\/02\/Logo-Siopi-no-text.png\",\"contentUrl\":\"https:\/\/siopi.ai\/wp-content\/uploads\/2022\/02\/Logo-Siopi-no-text.png\",\"width\":1039,\"height\":974,\"caption\":\"Siopi\"},\"image\":{\"@id\":\"https:\/\/siopi.ai\/#\/schema\/logo\/image\/\"}},{\"@type\":\"Person\",\"@id\":\"https:\/\/siopi.ai\/#\/schema\/person\/10fe7916dbd5ab3661e9f30dfc51db74\",\"name\":\"Robin Guillard\",\"image\":{\"@type\":\"ImageObject\",\"inLanguage\":\"fr-FR\",\"@id\":\"https:\/\/siopi.ai\/#\/schema\/person\/image\/\",\"url\":\"https:\/\/secure.gravatar.com\/avatar\/70554fa0cddd1edf4883021c86b85929f88bbc026c1a3072c687e0e7ba043251?s=96&d=mm&r=g\",\"contentUrl\":\"https:\/\/secure.gravatar.com\/avatar\/70554fa0cddd1edf4883021c86b85929f88bbc026c1a3072c687e0e7ba043251?s=96&d=mm&r=g\",\"caption\":\"Robin Guillard\"},\"sameAs\":[\"https:\/\/siopi.ai\"],\"url\":\"https:\/\/siopi.ai\/fr\/author\/robin\"}]}<\/script>\n<!-- \/ Yoast SEO plugin. -->","yoast_head_json":{"title":"Acouph\u00e8nes : analyse du parcours de soins de 228 patients - Siopi","description":"Dans le cadre de mon m\u00e9moire de fin d\u2019\u00e9tudes du D.E. d\u2019Audioproth\u00e9siste, je vous ai sollicit\u00e9 pour conna\u00eetre votre exp\u00e9rience de parcours de soin et de satisfaction concernant la prise en charge de vos acouph\u00e8nes.","robots":{"index":"index","follow":"follow","max-snippet":"max-snippet:-1","max-image-preview":"max-image-preview:large","max-video-preview":"max-video-preview:-1"},"canonical":"https:\/\/siopi.ai\/fr\/acouphenes-analyse-du-parcours-de-soins-de-228-patients\/","og_locale":"fr_FR","og_type":"article","og_title":"Acouph\u00e8nes : analyse du parcours de soins de 228 patients - Siopi","og_description":"Dans le cadre de mon m\u00e9moire de fin d\u2019\u00e9tudes du D.E. d\u2019Audioproth\u00e9siste, je vous ai sollicit\u00e9 pour conna\u00eetre votre exp\u00e9rience de parcours de soin et de satisfaction concernant la prise en charge de vos acouph\u00e8nes.","og_url":"https:\/\/siopi.ai\/fr\/acouphenes-analyse-du-parcours-de-soins-de-228-patients\/","og_site_name":"Siopi","article_published_time":"2025-02-11T14:01:08+00:00","article_modified_time":"2025-02-25T15:51:42+00:00","og_image":[{"width":720,"height":509,"url":"https:\/\/siopi.ai\/wp-content\/uploads\/2025\/02\/Parcours-Soins-Acouphene-Diapositive1.png","type":"image\/png"}],"author":"Robin Guillard","twitter_card":"summary_large_image","twitter_misc":{"\u00c9crit par":"Robin Guillard","Dur\u00e9e de lecture estim\u00e9e":"6 minutes"},"schema":{"@context":"https:\/\/schema.org","@graph":[{"@type":"Article","@id":"https:\/\/siopi.ai\/acouphenes-analyse-du-parcours-de-soins-de-228-patients#article","isPartOf":{"@id":"https:\/\/siopi.ai\/acouphenes-analyse-du-parcours-de-soins-de-228-patients"},"author":{"name":"Robin Guillard","@id":"https:\/\/siopi.ai\/#\/schema\/person\/10fe7916dbd5ab3661e9f30dfc51db74"},"headline":"Acouph\u00e8nes : analyse du parcours de soins de 228 patients","datePublished":"2025-02-11T14:01:08+00:00","dateModified":"2025-02-25T15:51:42+00:00","mainEntityOfPage":{"@id":"https:\/\/siopi.ai\/acouphenes-analyse-du-parcours-de-soins-de-228-patients"},"wordCount":1254,"commentCount":0,"publisher":{"@id":"https:\/\/siopi.ai\/#organization"},"articleSection":["Uncategorized"],"inLanguage":"fr-FR","potentialAction":[{"@type":"CommentAction","name":"Comment","target":["https:\/\/siopi.ai\/acouphenes-analyse-du-parcours-de-soins-de-228-patients#respond"]}]},{"@type":"WebPage","@id":"https:\/\/siopi.ai\/acouphenes-analyse-du-parcours-de-soins-de-228-patients","url":"https:\/\/siopi.ai\/acouphenes-analyse-du-parcours-de-soins-de-228-patients","name":"Acouph\u00e8nes : analyse du parcours de soins de 228 patients - Siopi","isPartOf":{"@id":"https:\/\/siopi.ai\/#website"},"datePublished":"2025-02-11T14:01:08+00:00","dateModified":"2025-02-25T15:51:42+00:00","description":"Dans le cadre de mon m\u00e9moire de fin d\u2019\u00e9tudes du D.E. d\u2019Audioproth\u00e9siste, je vous ai sollicit\u00e9 pour conna\u00eetre votre exp\u00e9rience de parcours de soin et de satisfaction concernant la prise en charge de vos acouph\u00e8nes.","breadcrumb":{"@id":"https:\/\/siopi.ai\/acouphenes-analyse-du-parcours-de-soins-de-228-patients#breadcrumb"},"inLanguage":"fr-FR","potentialAction":[{"@type":"ReadAction","target":["https:\/\/siopi.ai\/acouphenes-analyse-du-parcours-de-soins-de-228-patients"]}]},{"@type":"BreadcrumbList","@id":"https:\/\/siopi.ai\/acouphenes-analyse-du-parcours-de-soins-de-228-patients#breadcrumb","itemListElement":[{"@type":"ListItem","position":1,"name":"Home","item":"https:\/\/siopi.ai\/"},{"@type":"ListItem","position":2,"name":"Acouph\u00e8nes : analyse du parcours de soins de 228 patients"}]},{"@type":"WebSite","@id":"https:\/\/siopi.ai\/#website","url":"https:\/\/siopi.ai\/","name":"Siopi","description":"Tinnitus learning community","publisher":{"@id":"https:\/\/siopi.ai\/#organization"},"potentialAction":[{"@type":"SearchAction","target":{"@type":"EntryPoint","urlTemplate":"https:\/\/siopi.ai\/?s={search_term_string}"},"query-input":"required name=search_term_string"}],"inLanguage":"fr-FR"},{"@type":"Organization","@id":"https:\/\/siopi.ai\/#organization","name":"Siopi","url":"https:\/\/siopi.ai\/","logo":{"@type":"ImageObject","inLanguage":"fr-FR","@id":"https:\/\/siopi.ai\/#\/schema\/logo\/image\/","url":"https:\/\/siopi.ai\/wp-content\/uploads\/2022\/02\/Logo-Siopi-no-text.png","contentUrl":"https:\/\/siopi.ai\/wp-content\/uploads\/2022\/02\/Logo-Siopi-no-text.png","width":1039,"height":974,"caption":"Siopi"},"image":{"@id":"https:\/\/siopi.ai\/#\/schema\/logo\/image\/"}},{"@type":"Person","@id":"https:\/\/siopi.ai\/#\/schema\/person\/10fe7916dbd5ab3661e9f30dfc51db74","name":"Robin Guillard","image":{"@type":"ImageObject","inLanguage":"fr-FR","@id":"https:\/\/siopi.ai\/#\/schema\/person\/image\/","url":"https:\/\/secure.gravatar.com\/avatar\/70554fa0cddd1edf4883021c86b85929f88bbc026c1a3072c687e0e7ba043251?s=96&d=mm&r=g","contentUrl":"https:\/\/secure.gravatar.com\/avatar\/70554fa0cddd1edf4883021c86b85929f88bbc026c1a3072c687e0e7ba043251?s=96&d=mm&r=g","caption":"Robin Guillard"},"sameAs":["https:\/\/siopi.ai"],"url":"https:\/\/siopi.ai\/fr\/author\/robin"}]}},"jetpack_featured_media_url":"https:\/\/siopi.ai\/wp-content\/uploads\/2025\/02\/Parcours-Soins-Acouphene-Diapositive1.png","_links":{"self":[{"href":"https:\/\/siopi.ai\/fr\/wp-json\/wp\/v2\/posts\/11286","targetHints":{"allow":["GET"]}}],"collection":[{"href":"https:\/\/siopi.ai\/fr\/wp-json\/wp\/v2\/posts"}],"about":[{"href":"https:\/\/siopi.ai\/fr\/wp-json\/wp\/v2\/types\/post"}],"author":[{"embeddable":true,"href":"https:\/\/siopi.ai\/fr\/wp-json\/wp\/v2\/users\/3"}],"replies":[{"embeddable":true,"href":"https:\/\/siopi.ai\/fr\/wp-json\/wp\/v2\/comments?post=11286"}],"version-history":[{"count":8,"href":"https:\/\/siopi.ai\/fr\/wp-json\/wp\/v2\/posts\/11286\/revisions"}],"predecessor-version":[{"id":11318,"href":"https:\/\/siopi.ai\/fr\/wp-json\/wp\/v2\/posts\/11286\/revisions\/11318"}],"wp:featuredmedia":[{"embeddable":true,"href":"https:\/\/siopi.ai\/fr\/wp-json\/wp\/v2\/media\/11287"}],"wp:attachment":[{"href":"https:\/\/siopi.ai\/fr\/wp-json\/wp\/v2\/media?parent=11286"}],"wp:term":[{"taxonomy":"category","embeddable":true,"href":"https:\/\/siopi.ai\/fr\/wp-json\/wp\/v2\/categories?post=11286"},{"taxonomy":"post_tag","embeddable":true,"href":"https:\/\/siopi.ai\/fr\/wp-json\/wp\/v2\/tags?post=11286"}],"curies":[{"name":"wp","href":"https:\/\/api.w.org\/{rel}","templated":true}]}}