{"id":11304,"date":"2025-02-25T12:01:24","date_gmt":"2025-02-25T12:01:24","guid":{"rendered":"https:\/\/siopi.ai\/?p=11304"},"modified":"2025-02-25T15:52:11","modified_gmt":"2025-02-25T15:52:11","slug":"acouphenes-et-pratique-sportive-quels-liens","status":"publish","type":"post","link":"https:\/\/siopi.ai\/fr\/acouphenes-et-pratique-sportive-quels-liens","title":{"rendered":"Acouph\u00e8nes et pratique sportive &#8211; Quels liens ?"},"content":{"rendered":"<p>Auteur de l&#8217;article : <strong>Aur\u00e9lien Cadix<\/strong><\/p>\n\n\n\n<p>Cette \u00e9tude a \u00e9t\u00e9 men\u00e9e et r\u00e9alis\u00e9e en partenariat avec le Dr. Vincent Loche du CHU de Lille.<\/p>\n\n\n\n<p><em>La relation entre l&#8217;activit\u00e9 physique et les acouph\u00e8nes reste complexe et contradictoire, certains patients rapportant une aggravation de leurs sympt\u00f4mes apr\u00e8s le sport, tandis que d&#8217;autres observent une am\u00e9lioration. Cette petite \u00e9tude vise \u00e0 explorer ces dynamiques en consid\u00e9rant les diff\u00e9rents impacts du sport sur les acouph\u00e8nes.<\/em><\/p>\n\n\n\n<p>Nous avons analys\u00e9 une <strong>base de donn\u00e9es<\/strong> fournie et \u00e9tablie par le Dr. Loche ces derni\u00e8res ann\u00e9es, regroupant divers param\u00e8tres cliniques de patients atteints d&#8217;acouph\u00e8nes. <\/p>\n\n\n\n<p>Les <strong>patients<\/strong> ont \u00e9t\u00e9 <strong>class\u00e9s en trois groupes<\/strong> selon la variation de leurs sympt\u00f4mes apr\u00e8s la pratique sportive :<\/p>\n\n\n\n<p>1. Augmentation des acouph\u00e8nes apr\u00e8s le sport (n=276).<\/p>\n\n\n\n<p>2. Diminution des acouph\u00e8nes apr\u00e8s le sport (n=123).<\/p>\n\n\n\n<p>3. Pas de variation notable des acouph\u00e8nes apr\u00e8s le sport (n=1665).<\/p>\n\n\n\n<p>Pour approfondir l&#8217;analyse, chaque groupe a \u00e9t\u00e9 subdivis\u00e9 en fonction de la dur\u00e9e hebdomadaire de sport pratiqu\u00e9 : plus ou moins de 30 minutes par semaine. Des tests statistiques (test de Mann-Whitney) ont \u00e9t\u00e9 effectu\u00e9s pour comparer les sous-groupes sur divers param\u00e8tres symptomatiques.<\/p>\n\n\n\n<h2 class=\"wp-block-heading\"><mark style=\"background-color:rgba(0, 0, 0, 0)\" class=\"has-inline-color has-ast-global-color-0-color\">Augmentation des Acouph\u00e8nes apr\u00e8s le sport :<\/mark><\/h2>\n\n\n\n<p>Les analyses ont r\u00e9v\u00e9l\u00e9 des diff\u00e9rences significatives entre les sous-groupes pour plusieurs param\u00e8tres symptomatiques. <\/p>\n\n\n\n<p>Chez les patients qui d\u00e9claraient une aggravation de leurs acouph\u00e8nes apr\u00e8s le sport, ceux <strong>pratiquant plus de 30 minutes de sport <\/strong>par semaine ressentaient moins de fatigue (p&lt;0.05\u00a0; d= -0.3), de vertiges (p&lt;0.05\u00a0; d= -0.3), avaient une meilleure qualit\u00e9 de sommeil (p&lt;0.05\u00a0; d= -0.34) et une dur\u00e9e d&#8217;endormissement r\u00e9duite (p&lt;0.001\u00a0; d= -0.46). Ils pr\u00e9sentaient \u00e9galement des sympt\u00f4mes de d\u00e9pression moins prononc\u00e9s (p&lt;0.001\u00a0; d= -0.48) et une intensit\u00e9 per\u00e7ue des acouph\u00e8nes r\u00e9duite (p&lt;.0001\u00a0; d= -0.51).<\/p>\n\n\n\n<h2 class=\"wp-block-heading\"><mark style=\"background-color:rgba(0, 0, 0, 0);color:#19b800\" class=\"has-inline-color\">Diminution des Acouph\u00e8nes apr\u00e8s le sport :<\/mark><\/h2>\n\n\n\n<p>Pour les patients rapportant une diminution des acouph\u00e8nes apr\u00e8s le sport, les analyses ont montr\u00e9 une <strong>r\u00e9duction significative <\/strong>de la g\u00eane caus\u00e9e par les <strong>acouph\u00e8nes<\/strong> (p&lt;0.05\u00a0; d= -0.49), des sympt\u00f4mes de d\u00e9pression (p&lt;0.001\u00a0; d= -0.75) et de l&#8217;intensit\u00e9 per\u00e7ue des acouph\u00e8nes chez ceux pratiquant plus de 30 minutes de sport par semaine (p&lt;0.05\u00a0; d= -0.49).<\/p>\n\n\n\n<h2 class=\"wp-block-heading\"><mark style=\"background-color:rgba(0, 0, 0, 0)\" class=\"has-inline-color has-ast-global-color-0-color\">Aucune variation des Acouph\u00e8nes apr\u00e8s le sport :<\/mark><\/h2>\n\n\n\n<p>Dans le groupe ne constatant <strong>aucune variation notable des acouph\u00e8nes<\/strong> apr\u00e8s le sport, de nombreuses diff\u00e9rences significatives ont \u00e9t\u00e9 observ\u00e9s mais avec une faible taille d\u2019effet. <\/p>\n\n\n\n<p>Il a \u00e9t\u00e9 notamment \u00e9t\u00e9 constat\u00e9, que les patients plus actifs ressentaient moins de fatigue (p&lt;0.05\u00a0; d= -0.15), am\u00e9lioraient leur qualit\u00e9 de sommeil (p&lt;0.05\u00a0; d= -0.12) et r\u00e9duisaient leurs douleurs cervicales (p&lt;0.05\u00a0; d= -0.1). Ils pr\u00e9sentaient \u00e9galement une meilleure tol\u00e9rance aux acouph\u00e8nes (p&lt;0.001\u00a0; d= -0.27), une diminution de la dur\u00e9e n\u00e9cessaire pour s&#8217;endormir (p&lt;0.05\u00a0; d= -0.15), et une r\u00e9duction des niveaux d&#8217;anxi\u00e9t\u00e9 et de d\u00e9pression (respectivement\u00a0: p&lt;0.001\u00a0; d= -0.28 et p&lt;0.001\u00a0; d= -0.44).<\/p>\n\n\n\n<h2 class=\"wp-block-heading\"><mark style=\"background-color:rgba(0, 0, 0, 0);color:#19b800\" class=\"has-inline-color\">Relation entre quantit\u00e9 de sport et gravit\u00e9 des Acouph\u00e8nes<\/mark><\/h2>\n\n\n\n<p>Nous avons \u00e9galement explor\u00e9 la relation entre la quantit\u00e9 de sport pratiqu\u00e9 chaque semaine et certains facteurs associ\u00e9s \u00e0 la gravit\u00e9 des acouph\u00e8nes chez les patients. <\/p>\n\n\n\n<p>Pour ce faire, nous avons effectu\u00e9 un test de <strong>corr\u00e9lation<\/strong> (test de Spearman) entre le <strong>nombre d&#8217;heures de sport <\/strong>pratiqu\u00e9es par semaine et <strong>divers param\u00e8tres li\u00e9s \u00e0 la gravit\u00e9 des acouph\u00e8nes<\/strong>, et ce, pour chacun des trois groupes principaux. <\/p>\n\n\n\n<p>Des r\u00e9sultats significatifs ont \u00e9t\u00e9 obtenus entre le nombre d&#8217;heures de sport pratiqu\u00e9 et l&#8217;intensit\u00e9 des acouph\u00e8nes per\u00e7ue (p-value = 0.008), ainsi qu&#8217;entre le nombre d&#8217;heures de sport et les sympt\u00f4mes de d\u00e9pression (p-value = 0.0008) pour les patients qui d\u00e9claraient une augmentation de leurs acouph\u00e8nes apr\u00e8s la pratique sportive. Des observations similaires ont \u00e9t\u00e9 faites pour les autres sous-groupes.<\/p>\n\n\n\n<figure class=\"wp-block-image size-large\"><img loading=\"lazy\" decoding=\"async\" width=\"1024\" height=\"723\" src=\"https:\/\/siopi.ai\/wp-content\/uploads\/2025\/02\/Graphique-Acouphene-Et-Sport-SIOPI-1024x723.png\" alt=\"\" class=\"wp-image-11306\" srcset=\"https:\/\/siopi.ai\/wp-content\/uploads\/2025\/02\/Graphique-Acouphene-Et-Sport-SIOPI-1024x723.png 1024w, https:\/\/siopi.ai\/wp-content\/uploads\/2025\/02\/Graphique-Acouphene-Et-Sport-SIOPI-300x212.png 300w, https:\/\/siopi.ai\/wp-content\/uploads\/2025\/02\/Graphique-Acouphene-Et-Sport-SIOPI-768x542.png 768w, https:\/\/siopi.ai\/wp-content\/uploads\/2025\/02\/Graphique-Acouphene-Et-Sport-SIOPI-1536x1084.png 1536w, https:\/\/siopi.ai\/wp-content\/uploads\/2025\/02\/Graphique-Acouphene-Et-Sport-SIOPI-2048x1445.png 2048w, https:\/\/siopi.ai\/wp-content\/uploads\/2025\/02\/Graphique-Acouphene-Et-Sport-SIOPI-18x12.png 18w, https:\/\/siopi.ai\/wp-content\/uploads\/2025\/02\/Graphique-Acouphene-Et-Sport-SIOPI-1320x932.png 1320w\" sizes=\"auto, (max-width: 1024px) 100vw, 1024px\" \/><\/figure>\n\n\n\n<h2 class=\"wp-block-heading\"><mark style=\"background-color:rgba(0, 0, 0, 0)\" class=\"has-inline-color has-ast-global-color-0-color\">Conclusion<\/mark> :<\/h2>\n\n\n\n<p>Les r\u00e9sultats montrent que, ind\u00e9pendamment de l&#8217;effet imm\u00e9diat de<strong> l&#8217;activit\u00e9 physique<\/strong> sur les acouph\u00e8nes, <strong><mark style=\"background-color:rgba(0, 0, 0, 0)\" class=\"has-inline-color has-ast-global-color-0-color\">la pratique r\u00e9guli\u00e8re du sport est associ\u00e9e \u00e0 des am\u00e9liorations significatives sur divers param\u00e8tres symptomatiques.<\/mark><\/strong> <\/p>\n\n\n\n<p>Bien que, certains patients rapportent une augmentation imm\u00e9diate des sympt\u00f4mes apr\u00e8s l&#8217;exercice, les <strong>bienfaits globaux du sport<\/strong>, tels que l&#8217;am\u00e9lioration du sommeil, la r\u00e9duction de l&#8217;anxi\u00e9t\u00e9 et l&#8217;augmentation du bien-\u00eatre g\u00e9n\u00e9ral, peuvent \u00e0 terme, aider dans la gestion quotidienne des personnes atteintes d\u2019acouph\u00e8nes.<\/p>\n\n\n\n<p>Ces observations seront utiles pour informer les patients et les professionnels de sant\u00e9 sur les <strong>b\u00e9n\u00e9fices potentiels <\/strong>du sport pour les <strong>personnes souffrant d&#8217;acouph\u00e8nes<\/strong>, et pour orienter les recommandations cliniques en faveur de l&#8217;activit\u00e9 physique comme une composante int\u00e9grale de la gestion des acouph\u00e8nes.<\/p>","protected":false},"excerpt":{"rendered":"<p>Auteur de l&#8217;article : Aur\u00e9lien Cadix Cette \u00e9tude a \u00e9t\u00e9 men\u00e9e et r\u00e9alis\u00e9e en partenariat avec le Dr. Vincent Loche du CHU de Lille. La relation entre l&#8217;activit\u00e9 physique et les acouph\u00e8nes reste complexe et contradictoire, certains patients rapportant une aggravation de leurs sympt\u00f4mes apr\u00e8s le sport, tandis que d&#8217;autres observent une am\u00e9lioration. Cette petite &hellip;<\/p>\n<p class=\"read-more\"> <a class=\"\" href=\"https:\/\/siopi.ai\/fr\/acouphenes-et-pratique-sportive-quels-liens\"> <span class=\"screen-reader-text\">Acouph\u00e8nes et pratique sportive &#8211; Quels liens ?<\/span> Lire la suite\u00a0\u00bb<\/a><\/p>","protected":false},"author":3,"featured_media":11305,"comment_status":"open","ping_status":"open","sticky":false,"template":"","format":"standard","meta":{"_mi_skip_tracking":false,"site-sidebar-layout":"default","site-content-layout":"default","ast-global-header-display":"","ast-main-header-display":"","ast-hfb-above-header-display":"","ast-hfb-below-header-display":"","ast-hfb-mobile-header-display":"","site-post-title":"","ast-breadcrumbs-content":"","ast-featured-img":"","footer-sml-layout":"","theme-transparent-header-meta":"","adv-header-id-meta":"","stick-header-meta":"","header-above-stick-meta":"","header-main-stick-meta":"","header-below-stick-meta":"","footnotes":"[]"},"categories":[1],"tags":[],"class_list":["post-11304","post","type-post","status-publish","format-standard","has-post-thumbnail","hentry","category-uncategorized"],"yoast_head":"<!-- This site is optimized with the Yoast SEO plugin v20.1 - https:\/\/yoast.com\/wordpress\/plugins\/seo\/ -->\n<title>Acouph\u00e8nes et pratique sportive - Quels liens ? - Siopi<\/title>\n<meta name=\"description\" content=\"La relation entre l&#039;activit\u00e9 physique et les acouph\u00e8nes reste complexe et contradictoire, certains patients rapportant une aggravation de leurs sympt\u00f4mes apr\u00e8s le sport, tandis que d&#039;autres observent une am\u00e9lioration.\" \/>\n<meta name=\"robots\" content=\"index, follow, max-snippet:-1, max-image-preview:large, max-video-preview:-1\" \/>\n<link rel=\"canonical\" href=\"https:\/\/siopi.ai\/fr\/acouphenes-et-pratique-sportive-quels-liens\/\" \/>\n<meta property=\"og:locale\" content=\"fr_FR\" \/>\n<meta property=\"og:type\" content=\"article\" \/>\n<meta property=\"og:title\" content=\"Acouph\u00e8nes et pratique sportive - Quels liens ? - Siopi\" \/>\n<meta property=\"og:description\" content=\"La relation entre l&#039;activit\u00e9 physique et les acouph\u00e8nes reste complexe et contradictoire, certains patients rapportant une aggravation de leurs sympt\u00f4mes apr\u00e8s le sport, tandis que d&#039;autres observent une am\u00e9lioration.\" \/>\n<meta property=\"og:url\" content=\"https:\/\/siopi.ai\/fr\/acouphenes-et-pratique-sportive-quels-liens\/\" \/>\n<meta property=\"og:site_name\" content=\"Siopi\" \/>\n<meta property=\"article:published_time\" content=\"2025-02-25T12:01:24+00:00\" \/>\n<meta property=\"article:modified_time\" content=\"2025-02-25T15:52:11+00:00\" \/>\n<meta property=\"og:image\" content=\"https:\/\/siopi.ai\/wp-content\/uploads\/2025\/02\/Acouphene-Et-Sport-SIOPI-Etude-1024x723.png\" \/>\n\t<meta property=\"og:image:width\" content=\"1024\" \/>\n\t<meta property=\"og:image:height\" content=\"723\" \/>\n\t<meta property=\"og:image:type\" content=\"image\/png\" \/>\n<meta name=\"author\" content=\"Robin Guillard\" \/>\n<meta name=\"twitter:card\" content=\"summary_large_image\" \/>\n<meta name=\"twitter:label1\" content=\"\u00c9crit par\" \/>\n\t<meta name=\"twitter:data1\" content=\"Robin Guillard\" \/>\n\t<meta name=\"twitter:label2\" content=\"Dur\u00e9e de lecture estim\u00e9e\" \/>\n\t<meta name=\"twitter:data2\" content=\"4 minutes\" \/>\n<script type=\"application\/ld+json\" class=\"yoast-schema-graph\">{\"@context\":\"https:\/\/schema.org\",\"@graph\":[{\"@type\":\"Article\",\"@id\":\"https:\/\/siopi.ai\/acouphenes-et-pratique-sportive-quels-liens#article\",\"isPartOf\":{\"@id\":\"https:\/\/siopi.ai\/acouphenes-et-pratique-sportive-quels-liens\"},\"author\":{\"name\":\"Robin Guillard\",\"@id\":\"https:\/\/siopi.ai\/#\/schema\/person\/10fe7916dbd5ab3661e9f30dfc51db74\"},\"headline\":\"Acouph\u00e8nes et pratique sportive &#8211; Quels liens ?\",\"datePublished\":\"2025-02-25T12:01:24+00:00\",\"dateModified\":\"2025-02-25T15:52:11+00:00\",\"mainEntityOfPage\":{\"@id\":\"https:\/\/siopi.ai\/acouphenes-et-pratique-sportive-quels-liens\"},\"wordCount\":819,\"commentCount\":0,\"publisher\":{\"@id\":\"https:\/\/siopi.ai\/#organization\"},\"articleSection\":[\"Uncategorized\"],\"inLanguage\":\"fr-FR\",\"potentialAction\":[{\"@type\":\"CommentAction\",\"name\":\"Comment\",\"target\":[\"https:\/\/siopi.ai\/acouphenes-et-pratique-sportive-quels-liens#respond\"]}]},{\"@type\":\"WebPage\",\"@id\":\"https:\/\/siopi.ai\/acouphenes-et-pratique-sportive-quels-liens\",\"url\":\"https:\/\/siopi.ai\/acouphenes-et-pratique-sportive-quels-liens\",\"name\":\"Acouph\u00e8nes et pratique sportive - Quels liens ? - Siopi\",\"isPartOf\":{\"@id\":\"https:\/\/siopi.ai\/#website\"},\"datePublished\":\"2025-02-25T12:01:24+00:00\",\"dateModified\":\"2025-02-25T15:52:11+00:00\",\"description\":\"La relation entre l'activit\u00e9 physique et les acouph\u00e8nes reste complexe et contradictoire, certains patients rapportant une aggravation de leurs sympt\u00f4mes apr\u00e8s le sport, tandis que d'autres observent une am\u00e9lioration.\",\"breadcrumb\":{\"@id\":\"https:\/\/siopi.ai\/acouphenes-et-pratique-sportive-quels-liens#breadcrumb\"},\"inLanguage\":\"fr-FR\",\"potentialAction\":[{\"@type\":\"ReadAction\",\"target\":[\"https:\/\/siopi.ai\/acouphenes-et-pratique-sportive-quels-liens\"]}]},{\"@type\":\"BreadcrumbList\",\"@id\":\"https:\/\/siopi.ai\/acouphenes-et-pratique-sportive-quels-liens#breadcrumb\",\"itemListElement\":[{\"@type\":\"ListItem\",\"position\":1,\"name\":\"Home\",\"item\":\"https:\/\/siopi.ai\/\"},{\"@type\":\"ListItem\",\"position\":2,\"name\":\"Acouph\u00e8nes et pratique sportive &#8211; Quels liens ?\"}]},{\"@type\":\"WebSite\",\"@id\":\"https:\/\/siopi.ai\/#website\",\"url\":\"https:\/\/siopi.ai\/\",\"name\":\"Siopi\",\"description\":\"Tinnitus learning community\",\"publisher\":{\"@id\":\"https:\/\/siopi.ai\/#organization\"},\"potentialAction\":[{\"@type\":\"SearchAction\",\"target\":{\"@type\":\"EntryPoint\",\"urlTemplate\":\"https:\/\/siopi.ai\/?s={search_term_string}\"},\"query-input\":\"required name=search_term_string\"}],\"inLanguage\":\"fr-FR\"},{\"@type\":\"Organization\",\"@id\":\"https:\/\/siopi.ai\/#organization\",\"name\":\"Siopi\",\"url\":\"https:\/\/siopi.ai\/\",\"logo\":{\"@type\":\"ImageObject\",\"inLanguage\":\"fr-FR\",\"@id\":\"https:\/\/siopi.ai\/#\/schema\/logo\/image\/\",\"url\":\"https:\/\/siopi.ai\/wp-content\/uploads\/2022\/02\/Logo-Siopi-no-text.png\",\"contentUrl\":\"https:\/\/siopi.ai\/wp-content\/uploads\/2022\/02\/Logo-Siopi-no-text.png\",\"width\":1039,\"height\":974,\"caption\":\"Siopi\"},\"image\":{\"@id\":\"https:\/\/siopi.ai\/#\/schema\/logo\/image\/\"}},{\"@type\":\"Person\",\"@id\":\"https:\/\/siopi.ai\/#\/schema\/person\/10fe7916dbd5ab3661e9f30dfc51db74\",\"name\":\"Robin Guillard\",\"image\":{\"@type\":\"ImageObject\",\"inLanguage\":\"fr-FR\",\"@id\":\"https:\/\/siopi.ai\/#\/schema\/person\/image\/\",\"url\":\"https:\/\/secure.gravatar.com\/avatar\/70554fa0cddd1edf4883021c86b85929f88bbc026c1a3072c687e0e7ba043251?s=96&d=mm&r=g\",\"contentUrl\":\"https:\/\/secure.gravatar.com\/avatar\/70554fa0cddd1edf4883021c86b85929f88bbc026c1a3072c687e0e7ba043251?s=96&d=mm&r=g\",\"caption\":\"Robin Guillard\"},\"sameAs\":[\"https:\/\/siopi.ai\"],\"url\":\"https:\/\/siopi.ai\/fr\/author\/robin\"}]}<\/script>\n<!-- \/ Yoast SEO plugin. -->","yoast_head_json":{"title":"Acouph\u00e8nes et pratique sportive - Quels liens ? - Siopi","description":"La relation entre l'activit\u00e9 physique et les acouph\u00e8nes reste complexe et contradictoire, certains patients rapportant une aggravation de leurs sympt\u00f4mes apr\u00e8s le sport, tandis que d'autres observent une am\u00e9lioration.","robots":{"index":"index","follow":"follow","max-snippet":"max-snippet:-1","max-image-preview":"max-image-preview:large","max-video-preview":"max-video-preview:-1"},"canonical":"https:\/\/siopi.ai\/fr\/acouphenes-et-pratique-sportive-quels-liens\/","og_locale":"fr_FR","og_type":"article","og_title":"Acouph\u00e8nes et pratique sportive - Quels liens ? - Siopi","og_description":"La relation entre l'activit\u00e9 physique et les acouph\u00e8nes reste complexe et contradictoire, certains patients rapportant une aggravation de leurs sympt\u00f4mes apr\u00e8s le sport, tandis que d'autres observent une am\u00e9lioration.","og_url":"https:\/\/siopi.ai\/fr\/acouphenes-et-pratique-sportive-quels-liens\/","og_site_name":"Siopi","article_published_time":"2025-02-25T12:01:24+00:00","article_modified_time":"2025-02-25T15:52:11+00:00","og_image":[{"width":1024,"height":723,"url":"https:\/\/siopi.ai\/wp-content\/uploads\/2025\/02\/Acouphene-Et-Sport-SIOPI-Etude-1024x723.png","type":"image\/png"}],"author":"Robin Guillard","twitter_card":"summary_large_image","twitter_misc":{"\u00c9crit par":"Robin Guillard","Dur\u00e9e de lecture estim\u00e9e":"4 minutes"},"schema":{"@context":"https:\/\/schema.org","@graph":[{"@type":"Article","@id":"https:\/\/siopi.ai\/acouphenes-et-pratique-sportive-quels-liens#article","isPartOf":{"@id":"https:\/\/siopi.ai\/acouphenes-et-pratique-sportive-quels-liens"},"author":{"name":"Robin Guillard","@id":"https:\/\/siopi.ai\/#\/schema\/person\/10fe7916dbd5ab3661e9f30dfc51db74"},"headline":"Acouph\u00e8nes et pratique sportive &#8211; Quels liens ?","datePublished":"2025-02-25T12:01:24+00:00","dateModified":"2025-02-25T15:52:11+00:00","mainEntityOfPage":{"@id":"https:\/\/siopi.ai\/acouphenes-et-pratique-sportive-quels-liens"},"wordCount":819,"commentCount":0,"publisher":{"@id":"https:\/\/siopi.ai\/#organization"},"articleSection":["Uncategorized"],"inLanguage":"fr-FR","potentialAction":[{"@type":"CommentAction","name":"Comment","target":["https:\/\/siopi.ai\/acouphenes-et-pratique-sportive-quels-liens#respond"]}]},{"@type":"WebPage","@id":"https:\/\/siopi.ai\/acouphenes-et-pratique-sportive-quels-liens","url":"https:\/\/siopi.ai\/acouphenes-et-pratique-sportive-quels-liens","name":"Acouph\u00e8nes et pratique sportive - Quels liens ? - Siopi","isPartOf":{"@id":"https:\/\/siopi.ai\/#website"},"datePublished":"2025-02-25T12:01:24+00:00","dateModified":"2025-02-25T15:52:11+00:00","description":"La relation entre l'activit\u00e9 physique et les acouph\u00e8nes reste complexe et contradictoire, certains patients rapportant une aggravation de leurs sympt\u00f4mes apr\u00e8s le sport, tandis que d'autres observent une am\u00e9lioration.","breadcrumb":{"@id":"https:\/\/siopi.ai\/acouphenes-et-pratique-sportive-quels-liens#breadcrumb"},"inLanguage":"fr-FR","potentialAction":[{"@type":"ReadAction","target":["https:\/\/siopi.ai\/acouphenes-et-pratique-sportive-quels-liens"]}]},{"@type":"BreadcrumbList","@id":"https:\/\/siopi.ai\/acouphenes-et-pratique-sportive-quels-liens#breadcrumb","itemListElement":[{"@type":"ListItem","position":1,"name":"Home","item":"https:\/\/siopi.ai\/"},{"@type":"ListItem","position":2,"name":"Acouph\u00e8nes et pratique sportive &#8211; Quels liens ?"}]},{"@type":"WebSite","@id":"https:\/\/siopi.ai\/#website","url":"https:\/\/siopi.ai\/","name":"Siopi","description":"Tinnitus learning community","publisher":{"@id":"https:\/\/siopi.ai\/#organization"},"potentialAction":[{"@type":"SearchAction","target":{"@type":"EntryPoint","urlTemplate":"https:\/\/siopi.ai\/?s={search_term_string}"},"query-input":"required name=search_term_string"}],"inLanguage":"fr-FR"},{"@type":"Organization","@id":"https:\/\/siopi.ai\/#organization","name":"Siopi","url":"https:\/\/siopi.ai\/","logo":{"@type":"ImageObject","inLanguage":"fr-FR","@id":"https:\/\/siopi.ai\/#\/schema\/logo\/image\/","url":"https:\/\/siopi.ai\/wp-content\/uploads\/2022\/02\/Logo-Siopi-no-text.png","contentUrl":"https:\/\/siopi.ai\/wp-content\/uploads\/2022\/02\/Logo-Siopi-no-text.png","width":1039,"height":974,"caption":"Siopi"},"image":{"@id":"https:\/\/siopi.ai\/#\/schema\/logo\/image\/"}},{"@type":"Person","@id":"https:\/\/siopi.ai\/#\/schema\/person\/10fe7916dbd5ab3661e9f30dfc51db74","name":"Robin Guillard","image":{"@type":"ImageObject","inLanguage":"fr-FR","@id":"https:\/\/siopi.ai\/#\/schema\/person\/image\/","url":"https:\/\/secure.gravatar.com\/avatar\/70554fa0cddd1edf4883021c86b85929f88bbc026c1a3072c687e0e7ba043251?s=96&d=mm&r=g","contentUrl":"https:\/\/secure.gravatar.com\/avatar\/70554fa0cddd1edf4883021c86b85929f88bbc026c1a3072c687e0e7ba043251?s=96&d=mm&r=g","caption":"Robin Guillard"},"sameAs":["https:\/\/siopi.ai"],"url":"https:\/\/siopi.ai\/fr\/author\/robin"}]}},"jetpack_featured_media_url":"https:\/\/siopi.ai\/wp-content\/uploads\/2025\/02\/Acouphene-Et-Sport-SIOPI-Etude.png","_links":{"self":[{"href":"https:\/\/siopi.ai\/fr\/wp-json\/wp\/v2\/posts\/11304","targetHints":{"allow":["GET"]}}],"collection":[{"href":"https:\/\/siopi.ai\/fr\/wp-json\/wp\/v2\/posts"}],"about":[{"href":"https:\/\/siopi.ai\/fr\/wp-json\/wp\/v2\/types\/post"}],"author":[{"embeddable":true,"href":"https:\/\/siopi.ai\/fr\/wp-json\/wp\/v2\/users\/3"}],"replies":[{"embeddable":true,"href":"https:\/\/siopi.ai\/fr\/wp-json\/wp\/v2\/comments?post=11304"}],"version-history":[{"count":8,"href":"https:\/\/siopi.ai\/fr\/wp-json\/wp\/v2\/posts\/11304\/revisions"}],"predecessor-version":[{"id":11319,"href":"https:\/\/siopi.ai\/fr\/wp-json\/wp\/v2\/posts\/11304\/revisions\/11319"}],"wp:featuredmedia":[{"embeddable":true,"href":"https:\/\/siopi.ai\/fr\/wp-json\/wp\/v2\/media\/11305"}],"wp:attachment":[{"href":"https:\/\/siopi.ai\/fr\/wp-json\/wp\/v2\/media?parent=11304"}],"wp:term":[{"taxonomy":"category","embeddable":true,"href":"https:\/\/siopi.ai\/fr\/wp-json\/wp\/v2\/categories?post=11304"},{"taxonomy":"post_tag","embeddable":true,"href":"https:\/\/siopi.ai\/fr\/wp-json\/wp\/v2\/tags?post=11304"}],"curies":[{"name":"wp","href":"https:\/\/api.w.org\/{rel}","templated":true}]}}